{"id":65,"date":"2016-06-06T10:10:43","date_gmt":"2016-06-06T10:10:43","guid":{"rendered":"http:\/\/lanoveladelapatagonia.com\/?p=65"},"modified":"2016-06-29T08:02:02","modified_gmt":"2016-06-29T08:02:02","slug":"3-4-espana-en-su-epoca","status":"publish","type":"post","link":"https:\/\/lanoveladelapatagonia.com\/?p=65","title":{"rendered":"3.4. Espa\u00f1a en su \u00e9poca"},"content":{"rendered":"<p><strong>A\u00d1O 1914:<\/strong> un a\u00f1o muy especial para todos<\/p>\n<p>Corr\u00eda el a\u00f1o 1914\u2026&#8230;cuando Ignacio Prieto del Egido, reci\u00e9n terminada su carrera de Perito Mercantil en Le\u00f3n, decide abandonar &#8211; a sus 19 a\u00f1os &#8211; su hogar, su familia y el negocio comercial paterno en Astorga, Espa\u00f1a, y emigrar a una naci\u00f3n pr\u00f3spera y lejana, Argentina, a la que le unen ciertos v\u00ednculos familiares, en busca de un futuro mejor. Huye quiz\u00e1s de una crisis general, pol\u00edtica, social, econ\u00f3mica y probablemente personal. Una crisis colectiva que\u00a0\u00a0 llevar\u00e1 a la vieja Europa a una guerra espantosa de dimensi\u00f3n mundial hasta entonces desconocida<\/p>\n<p>Para enmarcar aquella decisi\u00f3n de Ignacio, veamos algunas cosas que suced\u00edan aquel a\u00f1o de 1914 en Espa\u00f1a, en Argentina y en el resto del mundo<\/p>\n<p><strong>QUE PASABA EN ESPA\u00d1A EN 1914<\/strong><\/p>\n<p>Era presidente del Gobierno Eduardo Dato Iradier (La Coru\u00f1a, 12 de agosto de 1856 \u2013 Madrid, 8 de marzo de 1921). Abogado y pol\u00edtico conservador espa\u00f1ol.<\/p>\n<p>Fue ministro de Gobernaci\u00f3n durante la regencia de Mar\u00eda Cristina de Habsburgo-Lorena y presidente del Consejo de Ministros, ministro de Gracia y Justicia, ministro de Estado, ministro de Marina y Presidente del Congreso de los Diputados de Espa\u00f1a durante el reinado de Alfonso XIII.<\/p>\n<p>Durante su mandato como presidente del gobierno, Dato decret\u00f3, tras el estallido de la Primera guerra mundial, la neutralidad de Espa\u00f1a. Historiadores y economistas valoran hoy en d\u00eda positivamente este hecho. Supo mantener a Espa\u00f1a en esa posici\u00f3n de neutralidad durante los a\u00f1os que dur\u00f3 la I Guerra Mundial, a pesar de la divisi\u00f3n que se form\u00f3 en el pa\u00eds entre los denominados \u00abgerman\u00f3filos\u00bb y los partidarios de los aliados o \u00abaliad\u00f3filos\u00bb.<\/p>\n<p><em>Elecciones Generales<\/em><\/p>\n<p>En 1914 fueron convocadas Elecciones Generales antes de la Primera Guerra Mundial, en la que Espa\u00f1a se declarar\u00eda neutral, bajo sufragio universal masculino. En total fueron elegidos 409 diputados, y el partido m\u00e1s votado fue la coalici\u00f3n de las dos facciones del Partido Conservador, dirigido por Eduardo Dato. Las dos facciones del Partido Liberal quedaron bastante lejos. Tambi\u00e9n se present\u00f3 una Conjunci\u00f3n Republicano-Socialista, que reun\u00eda los diferentes partidos republicanos y el Partido Socialista Obrero Espa\u00f1ol. Los Radicales de Lerroux y la Uni\u00f3n Federal Nacionalista Republicana, iban en coalici\u00f3n electoral a ra\u00edz del Pacto de Sant Gervasi, aunque en Catalu\u00f1a no consiguieron desbancar la hegemon\u00eda de la Lliga Regionalista.<\/p>\n<p>Fue elegido Presidente del Congreso el conservador Augusto Gonz\u00e1lez Besada y Presidente del Senado Marcelo Azc\u00e1rraga, fallecido en 1915 y sustituido por Joaqu\u00edn S\u00e1nchez de Toca Calvo. El jefe de gobierno fue Eduardo Dato, pero el 9 de diciembre de 1915 dimiti\u00f3 por diferencias internas en el partido y cedi\u00f3 el gobierno al conde de Romanones, quien convocar\u00eda nuevas elecciones el 6 de abril de 1916. Durante esta legislatura se constituy\u00f3 la Mancomunidad de Catalu\u00f1a, presidida por Enric Prat de la Riba.<\/p>\n<p>La Copa del Rey de F\u00fatbol de 1914 fue la duod\u00e9cima edici\u00f3n del torneo, siendo organizada esta por la actual Real Federaci\u00f3n Espa\u00f1ola de F\u00fatbol que result\u00f3 de la fusi\u00f3n de los organismos federativos enfrentados surgidos en 1913. La final de la competici\u00f3n fue disputada en Ir\u00fan y de ella sali\u00f3 vencedor el Athletic Club de Bilbao, alz\u00e1ndose ganador de la Copa por quinta vez<\/p>\n<p><em>Espa\u00f1a ante la Primera Guerra Mundial<\/em><\/p>\n<p>Cuando se inici\u00f3 el conflicto europeo el 28 de julio de 1914, Espa\u00f1a era un pa\u00eds econ\u00f3micamente atrasado, con solo las provincias del norte con una cierta industria; un pa\u00eds que tras el Desastre del 98 y el posterior tratado con Alemania en 1899 se hab\u00eda quedado sin colonias, estaba moralmente destrozado, con el sistema de gobiernos del \u00abturno\u00bb en crisis pol\u00edtica, con un ej\u00e9rcito que se encontraba anticuado, casi sin armada naval, y con el problema de Marruecos que desembocaron en crisis y huelgas como la Semana Tr\u00e1gica en 1909. Adem\u00e1s, Espa\u00f1a se encontraba internacionalmente aislada tras la guerra de 1898 y no pertenec\u00eda ni a la Entente Cordiale ni a la Triple Alianza.<\/p>\n<p>En 1906, tras la Conferencia de Algeciras, a Espa\u00f1a se le asign\u00f3 un territorio del norte de Marruecos, que se convirti\u00f3 en una fuente de problemas militares continuos y que tras el inicio de la ocupaci\u00f3n espa\u00f1ola en 1909 no se consigui\u00f3 pacificar hasta pasados quince a\u00f1os.<\/p>\n<p>El 7 de agosto, La Gaceta publicaba un real decreto por el que el gobierno de Alfonso XIII se cre\u00eda en el \u00abdeber de ordenar la m\u00e1s estricta neutralidad a los s\u00fabditos espa\u00f1oles con arreglo a las leyes vigentes y a los principios del Derecho P\u00fablico Internacional\u00bb. En realidad, la decisi\u00f3n ya hab\u00eda sido tomada por el gobierno del conservador Eduardo Dato en cuanto se tuvo conocimiento del inicio de las hostilidades.<\/p>\n<p>Los pa\u00edses beligerantes ten\u00edan un especial inter\u00e9s de que Espa\u00f1a no participara en la contienda. El pa\u00eds m\u00e1s interesado era Alemania, que no quer\u00eda tener que combatir en una segunda l\u00ednea de defensa en los Pirineos. Al mismo tiempo, los pa\u00edses europeos implicados en la guerra esperaban tener los favores comerciales de Espa\u00f1a, que no ten\u00eda recuerdos especialmente gratos debido al aislacionismo que hab\u00eda sufrido tras la derrota de 1898.<\/p>\n<p>La mayor\u00eda de la opini\u00f3n p\u00fablica aprob\u00f3 la neutralidad decretada por el gobierno de Eduardo Dato. Posteriormente se dividi\u00f3 entre aliad\u00f3filos o favorables a una hipot\u00e9tica victoria de la Entente Cordiale y german\u00f3filos, m\u00e1s anti-ingleses o anti-franceses que favorables a los Imperios Centrales.<\/p>\n<p>En el gobierno, Eduardo Dato era prudentemente neutral, mientras que el rey Alfonso XIII era german\u00f3filo. El Conde de Romanones, que lleg\u00f3 a ser presidente del gobierno durante el conflicto, escribi\u00f3 un art\u00edculo en \u00abEl Diario Universal\u00bb en 1914 que dejaba clara su aliadofilia. Tambi\u00e9n eran aliad\u00f3filos Maura y Alejandro Lerroux. El pol\u00edtico m\u00e1s german\u00f3filo, por otro lado, era el carlista Juan V\u00e1zquez de Mella.<\/p>\n<p><strong>QUE PASABA EN ARGENTINA EN 1914<\/strong><\/p>\n<p>Era presidente de la Naci\u00f3n Roque S\u00e1enz Pe\u00f1a. Fallece el 9 de agosto y es sustituido por el Vicepresidente Victorino de la Plaza, quien ejercer\u00e1 su cargo hasta octubre de 1916<\/p>\n<p>He aqu\u00ed algunos de los hechos m\u00e1s importantes que sucedieron en aquel a\u00f1o:<\/p>\n<ul>\n<li>5 de Agosto. Argentina se declara neutral en la Primera Guerra Mundial<\/li>\n<li>Se crea el Partido Dem\u00f3crata Progresista cuyo fundador y primer presidente es Lisandro de la Torre<\/li>\n<li>Se estrena el primer largometraje producido en Argentina: \u00abAmalia\u00bb,\u00a0\u00a0 con direcci\u00f3n y gui\u00f3n de Enrique Garc\u00eda Velloso seg\u00fan la novela hom\u00f3nima de Jos\u00e9 M\u00e1rmol.<\/li>\n<li>Se celebran los festejos conmemorativos del primer centenario de la Independencia (1810)<\/li>\n<li>Inauguraci\u00f3n del primer ferrocarril el\u00e9ctrico que une hoy Buenos Aires con Tigre. En aquel momento un\u00eda Plaza de Mayo con Plaza Miserere.9 de noviembre<\/li>\n<\/ul>\n<p>El Dr. Luis Agote realiza la primera transfusi\u00f3n de sangre, en su Instituto de Cl\u00ednica M\u00e9dica del hospital Rawson (Buenos Aires).<\/p>\n<p>&nbsp;<\/p>\n<p><em>Ese a\u00f1o nacen<\/em><\/p>\n<ul>\n<li>11 de julio: An\u00edbal Troilo, bandoneon\u00edsta, compositor de tango y director de orquesta argentino (f. 1975)<\/li>\n<li>26 de agosto: Julio Cort\u00e1zar, escritor argentino (f. 1984)<\/li>\n<li>15 de septiembre: Adolfo Bioy Casares, escritor argentino (f. 1999)<\/li>\n<\/ul>\n<p>&nbsp;<\/p>\n<p><em>Ese a\u00f1o mueren<\/em><\/p>\n<ul>\n<li>1 de marzo: Jorge Newbery, aviador, deportista, funcionario p\u00fablico, ingeniero y hombre de ciencia argentino (n. 1875).<\/li>\n<li>6 de julio: Delmira Agustini, poetisa uruguaya (n. 1886)<\/li>\n<li>9 de agosto: Roque S\u00e1enz Pe\u00f1a, presidente argentino (1910-1914) (n. 1851)<\/li>\n<li>19 de octubre: Julio Argentino Roca, militar, presidente de Argentina (1880-1886 y 1898-1904) (n. 1843)<\/li>\n<li>23 de octubre: Jos\u00e9 Evaristo Uriburu, presidente de Argentina (1895-1898) (n. 1831)<\/li>\n<\/ul>\n<p>&nbsp;<\/p>\n<p><strong>QUE PASABA EN EL MUNDO EN 1914<\/strong><\/p>\n<p>1 de enero: En Estados Unidos entra en servicio la primera aerol\u00ednea regular del mundo, entre St. Petersburg y Tampa, ambas en el estado de Florida.<\/p>\n<p>15 de agosto: En Panam\u00e1 se abre al tr\u00e1fico el Canal de Panam\u00e1 con la primera traves\u00eda de un barco de l\u00ednea comercial, el vapor estadounidense de pasajeros y carga Anc\u00f3n.<\/p>\n<p>23 de junio: Las fuerzas revolucionarias del General Pancho Villa, derrotan al ej\u00e9rcito federal del General Victoriano Huerta, en la ciudad de Zacatecas.<\/p>\n<p>28 de junio: asesinato del archiduque y heredero al trono austroh\u00fangaro Francisco Fernando y su esposa Sof\u00eda Chotek, en Sarajevo.<\/p>\n<p>6 de septiembre: Benedicto XV sucede a P\u00edo X como Papa.<\/p>\n<p>&nbsp;<\/p>\n<p><em>I Guerra Mundial:<\/em><\/p>\n<p>28 de julio: Declaraci\u00f3n de guerra de Austria-Hungr\u00eda a Serbia.<\/p>\n<p>1 de agosto: Declaraci\u00f3n de guerra de Alemania a Rusia.<\/p>\n<p>4 de agosto: Declaraci\u00f3n de guerra de Alemania a Francia<\/p>\n<p>4 de agosto: Declaraci\u00f3n de guerra de Reino Unido a Alemania<\/p>\n<p>5 de agosto: Declaraci\u00f3n de guerra de Austria-Hungr\u00eda a Rusia<\/p>\n<p>23 de agosto: Declaraci\u00f3n de guerra de Jap\u00f3n a Alemania.<\/p>\n<p>3 de noviembre: El Imperio otomano declara la guerra a los pa\u00edses aliados.<\/p>\n<p>&nbsp;<\/p>\n<p><em>Ese a\u00f1o nacen<\/em><\/p>\n<ul>\n<li>31 de marzo: Octavio Paz, escritor mexicano (f. 1998)<\/li>\n<li>2 de abril: Alec Guinness, actor brit\u00e1nico (f. 2000)<\/li>\n<li>4 de abril: Marguerite Duras, novelista, escritora y guionista de cine francesa (f. 1996)<\/li>\n<li>8 de abril: Mar\u00eda F\u00e9lix, actriz mexicana (f. 2002)<\/li>\n<li>18 de mayo: Pierre Balmain, dise\u00f1ador franc\u00e9s (f. 1982)<\/li>\n<li>5 de septiembre: Nicanor Parra, poeta y escritor chileno.<\/li>\n<li>13 de noviembre: Julio Caro Baroja, antrop\u00f3logo, historiador, ling\u00fcista y ensayista espa\u00f1ol (f. 1995)<\/li>\n<li>13 de noviembre: Alberto Lattuada, director de cine italiano (f. 2005)<\/li>\n<\/ul>\n<p>&nbsp;<\/p>\n<p>Ese a\u00f1o mueren<\/p>\n<ul>\n<li>25 de marzo: Fr\u00e9d\u00e9ric Mistral, poeta franc\u00e9s, premio Nobel de Literatura en 1904 (n. 1830)<\/li>\n<li>28 de junio: Francisco Fernando, archiduque austroh\u00fangaro (n. 1863)<\/li>\n<li>31 de julio: Jean Jaur\u00e9s, pol\u00edtico franc\u00e9s (n. 1885)<\/li>\n<li>20 de agosto: P\u00edo X papa italiano entre 1903 y 1914.<\/li>\n<li>5 de septiembre: Charles P\u00e9guy, escritor y poeta franc\u00e9s (n. 1873)<\/li>\n<li>22 de septiembre: Alain-Fournier, escritor franc\u00e9s (n. 1886)<\/li>\n<\/ul>\n<p>&nbsp;<\/p>\n<p><em>Y adem\u00e1s\u2026.<\/em><\/p>\n<ul>\n<li>Miguel de Unamuno publica Niebla.<\/li>\n<li>Chaplin realiza m\u00e1s de 30 pel\u00edculas entre las cuales\u00a0\u00a0 se encuentra un solo filme perdido<\/li>\n<li>Estreno en la \u00d3pera de Par\u00eds de El ruise\u00f1or de Igor Stravinski, dirigido por Pierre Monteux.<\/li>\n<li>Manuel de Falla: Siete canciones populares espa\u00f1olas<\/li>\n<\/ul>\n<p>FUENTE: Wikipedia.<\/p>\n","protected":false},"excerpt":{"rendered":"<p>A\u00d1O 1914: un a\u00f1o muy especial para todos Corr\u00eda el a\u00f1o 1914\u2026&#8230;cuando Ignacio Prieto del Egido, reci\u00e9n terminada su carrera de Perito Mercantil en Le\u00f3n, decide abandonar &#8211; a sus 19 a\u00f1os &#8211; su hogar, su familia y el negocio comercial paterno en Astorga, Espa\u00f1a, y emigrar a una naci\u00f3n pr\u00f3spera y lejana, Argentina, a [&hellip;]<\/p>\n","protected":false},"author":1,"featured_media":0,"comment_status":"open","ping_status":"open","sticky":false,"template":"","format":"standard","meta":{"footnotes":""},"categories":[1],"tags":[],"class_list":["post-65","post","type-post","status-publish","format-standard","hentry","category-uncategorized"],"_links":{"self":[{"href":"https:\/\/lanoveladelapatagonia.com\/index.php?rest_route=\/wp\/v2\/posts\/65","targetHints":{"allow":["GET"]}}],"collection":[{"href":"https:\/\/lanoveladelapatagonia.com\/index.php?rest_route=\/wp\/v2\/posts"}],"about":[{"href":"https:\/\/lanoveladelapatagonia.com\/index.php?rest_route=\/wp\/v2\/types\/post"}],"author":[{"embeddable":true,"href":"https:\/\/lanoveladelapatagonia.com\/index.php?rest_route=\/wp\/v2\/users\/1"}],"replies":[{"embeddable":true,"href":"https:\/\/lanoveladelapatagonia.com\/index.php?rest_route=%2Fwp%2Fv2%2Fcomments&post=65"}],"version-history":[{"count":3,"href":"https:\/\/lanoveladelapatagonia.com\/index.php?rest_route=\/wp\/v2\/posts\/65\/revisions"}],"predecessor-version":[{"id":148,"href":"https:\/\/lanoveladelapatagonia.com\/index.php?rest_route=\/wp\/v2\/posts\/65\/revisions\/148"}],"wp:attachment":[{"href":"https:\/\/lanoveladelapatagonia.com\/index.php?rest_route=%2Fwp%2Fv2%2Fmedia&parent=65"}],"wp:term":[{"taxonomy":"category","embeddable":true,"href":"https:\/\/lanoveladelapatagonia.com\/index.php?rest_route=%2Fwp%2Fv2%2Fcategories&post=65"},{"taxonomy":"post_tag","embeddable":true,"href":"https:\/\/lanoveladelapatagonia.com\/index.php?rest_route=%2Fwp%2Fv2%2Ftags&post=65"}],"curies":[{"name":"wp","href":"https:\/\/api.w.org\/{rel}","templated":true}]}}