{"id":316,"date":"2019-01-03T12:41:27","date_gmt":"2019-01-03T12:41:27","guid":{"rendered":"http:\/\/lanoveladelapatagonia.com\/?p=316"},"modified":"2019-01-03T12:41:27","modified_gmt":"2019-01-03T12:41:27","slug":"1-2-indice-de-la-novela","status":"publish","type":"post","link":"https:\/\/lanoveladelapatagonia.com\/?p=316","title":{"rendered":"1.2 Indice de la Novela"},"content":{"rendered":"<p><a href=\"http:\/\/lanoveladelapatagonia.com\/wp-content\/uploads\/2019\/01\/NOVELAPAT1.jpg\"><img loading=\"lazy\" decoding=\"async\" class=\"aligncenter wp-image-317 size-full\" src=\"http:\/\/lanoveladelapatagonia.com\/wp-content\/uploads\/2019\/01\/NOVELAPAT1.jpg\" alt=\"\" width=\"447\" height=\"590\" srcset=\"https:\/\/lanoveladelapatagonia.com\/wp-content\/uploads\/2019\/01\/NOVELAPAT1.jpg 447w, https:\/\/lanoveladelapatagonia.com\/wp-content\/uploads\/2019\/01\/NOVELAPAT1-227x300.jpg 227w\" sizes=\"auto, (max-width: 447px) 100vw, 447px\" \/><\/a><\/p>\n<p>La Novela de la Patagonia es una obra documental cuyo valor \u00a0informativo supera al literario, sin dejar por eso de ser una obra de arte.<\/p>\n<p>No es propiamente una novela, quiz\u00e1s sea un libro de viajes, pero de un viaje al interior de si mismo y de la inmensa Patagonia que el autor escribe en clave autobiogr\u00e1fica.<\/p>\n<p>Es una novela objetiva del medio tel\u00farico como espect\u00e1culo antit\u00e9tico al de la ciudad. Nada extraordinario en materia de aventuras que excite la imaginaci\u00f3n del lector, hay en este relato. Y, al mismo tiempo, todo en \u00e9l es extraordinario, en cuanto al paisaje c\u00f3smico y a las costumbres araucanas que se han conservado al margen de la civilizaci\u00f3n europea.<\/p>\n<p>Con esta obra, la Argentina austral, cuenta con un cantor folkl\u00f3rico de primera l\u00ednea.<\/p>\n<p><u><strong>I\u00a0 PARTE<\/strong><\/u><\/p>\n<ul>\n<li><strong>I.- \u00a0\u00a0\u00a0\u00a0\u00a0\u00a0 Germ\u00e1n <\/strong><\/li>\n<li><strong>II.- \u00a0\u00a0\u00a0\u00a0 En viaje al Neuqu\u00e9n<\/strong><\/li>\n<li><strong>III.- \u00a0\u00a0\u00a0 Zapala<\/strong><\/li>\n<li><strong>IV.- \u00a0\u00a0\u00a0 Tipos y ambientes zapalinos <\/strong><\/li>\n<li><strong>V.- \u00a0\u00a0\u00a0\u00a0\u00a0 Tierra adentro \u2013 Rumbo al sur<\/strong><\/li>\n<li><strong>VI.- \u00a0\u00a0\u00a0 Hacia Sa\u00f1i-C\u00f3<\/strong><\/li>\n<li><strong>VII.- \u00a0\u00a0 Sa\u00f1i-C\u00f3\u00a0 \u2013 Peripecias<\/strong><\/li>\n<li><strong>VIII.- Los Araucanos &#8211; \u00a0Breve rese\u00f1a hist\u00f3rica- Costumbres\u00a0 &#8211; Ritos<\/strong><\/li>\n<li><strong>IX.- \u00a0\u00a0\u00a0 Los puelches o araucanos del Neuqu\u00e9n.<\/strong><\/li>\n<li><strong>X.- \u00a0\u00a0\u00a0\u00a0\u00a0 Kamaruko<\/strong><\/li>\n<li><strong>XI.- \u00a0\u00a0\u00a0 M\u00e1s de la vida de German en Sa\u00f1i-C\u00f3. <\/strong><\/li>\n<li><strong>XII.- \u00a0\u00a0 La vuelta de Germ\u00e1n a Buenos Aires<\/strong><\/li>\n<li><strong>XIII.- En Buenos Aires<\/strong><\/li>\n<\/ul>\n<p><u><strong>II PARTE.-EL HECHIZO DE LA PATAGONIA<\/strong><\/u><\/p>\n<ul>\n<li><strong>I.- \u00a0\u00a0\u00a0\u00a0\u00a0\u00a0 Germ\u00e1n va al Chubut<\/strong><\/li>\n<li><strong>II.- \u00a0\u00a0\u00a0\u00a0 En viaje<\/strong><\/li>\n<li><strong>III.- \u00a0\u00a0\u00a0 German en Chichiguau<\/strong><\/li>\n<li><strong>IV.- \u00a0\u00a0\u00a0 Hacia Buenos Aires<\/strong><\/li>\n<li><strong>V.-\u00a0 \u00a0\u00a0\u00a0\u00a0 Otra vez en Buenos Aires.\u2013 Margarita.\u2013 Benicio<\/strong><\/li>\n<li><strong>VI.- \u00a0\u00a0\u00a0 Germ\u00e1n contin\u00faa cesante<\/strong><\/li>\n<\/ul>\n<p><u><strong>III PARTE.-LA RUTA DE LA<\/strong><strong> ESPERANZA<\/strong><\/u><\/p>\n<ul>\n<li><strong>I.- \u00a0\u00a0\u00a0\u00a0\u00a0\u00a0 Actitud her\u00f3ica<\/strong><\/li>\n<li><strong>II.- \u00a0\u00a0\u00a0\u00a0 Hacia Chos Malal<\/strong><\/li>\n<li><strong>III.- \u00a0\u00a0\u00a0 Chos Malal<\/strong><\/li>\n<li><strong>IV.- \u00a0\u00a0\u00a0 Germ\u00e1n abandona Chos Malal<\/strong><\/li>\n<li><strong>V.- \u00a0\u00a0\u00a0\u00a0\u00a0 El Chingue y Andacollo<\/strong><\/li>\n<li><strong>VI.- \u00a0\u00a0\u00a0 Hacia la capital federal<\/strong><\/li>\n<li><strong>VII.- \u00a0\u00a0 Otra vez en Buenos Aires <\/strong><\/li>\n<li><strong>VIII.-\u00a0\u00a0 Departamento de Minas<\/strong><\/li>\n<li><strong>IX.- \u00a0\u00a0\u00a0 Barbarc\u00f3.- Tipos.- Costumbres peculiares y caracter\u00edsticas propias <\/strong><\/li>\n<li><strong>X.- \u00a0\u00a0\u00a0\u00a0\u00a0 11 de Octubre de 1918.- Inauguraci\u00f3n de la casa de Germ\u00e1n.<\/strong><\/li>\n<li><strong>XI.- \u00a0\u00a0\u00a0 Germ\u00e1n y su boliche.- Luisa <\/strong><\/li>\n<li><strong>XII.- \u00a0\u00a0 Germ\u00e1n y su Araucania.- Episodios.- Viajes.- N\u00fameros y letras al\u00a0 50%<\/strong><\/li>\n<li><strong>XIII.-\u00a0\u00a0 Problemas, necesidades y riquezas de la zona<\/strong><\/li>\n<li><strong>XIV.- \u00a0 La Trilla <\/strong><\/li>\n<li><strong>XV.-\u00a0 \u00a0 Un entierro.- Triste nueva <\/strong><\/li>\n<li><strong>XVI.- El invierno en Barbarc\u00f3.- Germ\u00e1n y sus lecturas.- Los extra\u00f1os carteros \u00a0\u00a0\u00a0\u00a0\u00a0invernales.-\u00a0\u00a0\u00a0 Miseria. <\/strong><\/li>\n<li><strong>XVII.-\u00a0 Balance satisfactorio<\/strong><\/li>\n<li><strong>XVIII.-Las Candelas.-\u00a0 Carreras y reuni\u00f3n en Barbarc\u00f3 <\/strong><\/li>\n<li><strong>XIX.- \u00a0 Asalto a mano armada.<\/strong><\/li>\n<li><strong>XX.- \u00a0\u00a0 Persecuci\u00f3n de los bandoleros <\/strong><\/li>\n<li><strong>XXI.- \u00a0 Rumbo a Buenos Aires <\/strong><\/li>\n<li><strong>XXII.-\u00a0 Germ\u00e1n en Buenos Aires<\/strong><\/li>\n<\/ul>\n<p><u><strong>IV PARTE.-LUCHA DE SENTIMIENTOS<\/strong><\/u><\/p>\n<ul>\n<li><strong>I.- \u00a0\u00a0\u00a0\u00a0\u00a0\u00a0 Germ\u00e1n ca\u00eddo <\/strong><\/li>\n<li><strong>II.-\u00a0 \u00a0\u00a0\u00a0 Extra\u00f1a proposici\u00f3n <\/strong><\/li>\n<li><strong>III.- \u00a0\u00a0\u00a0 Buta Ranquil <\/strong><\/li>\n<li><strong>IV.- \u00a0\u00a0Desequilibrio entre los n\u00fameros y las letras.- Germ\u00e1n hombre opulento.- Familia<\/strong><\/li>\n<li><strong>V.- \u00a0\u00a0\u00a0\u00a0Germ\u00e1n en Buenos Aires.- Amargas reflexiones<\/strong><\/li>\n<\/ul>\n<ul>\n<li><strong>FIN<\/strong><\/li>\n<\/ul>\n","protected":false},"excerpt":{"rendered":"<p>La Novela de la Patagonia es una obra documental cuyo valor \u00a0informativo supera al literario, sin dejar por eso de ser una obra de arte. No es propiamente una novela, quiz\u00e1s sea un libro de viajes, pero de un viaje al interior de si mismo y de la inmensa Patagonia que el autor escribe en [&hellip;]<\/p>\n","protected":false},"author":1,"featured_media":0,"comment_status":"open","ping_status":"open","sticky":false,"template":"","format":"standard","meta":{"footnotes":""},"categories":[1],"tags":[],"class_list":["post-316","post","type-post","status-publish","format-standard","hentry","category-uncategorized"],"_links":{"self":[{"href":"https:\/\/lanoveladelapatagonia.com\/index.php?rest_route=\/wp\/v2\/posts\/316","targetHints":{"allow":["GET"]}}],"collection":[{"href":"https:\/\/lanoveladelapatagonia.com\/index.php?rest_route=\/wp\/v2\/posts"}],"about":[{"href":"https:\/\/lanoveladelapatagonia.com\/index.php?rest_route=\/wp\/v2\/types\/post"}],"author":[{"embeddable":true,"href":"https:\/\/lanoveladelapatagonia.com\/index.php?rest_route=\/wp\/v2\/users\/1"}],"replies":[{"embeddable":true,"href":"https:\/\/lanoveladelapatagonia.com\/index.php?rest_route=%2Fwp%2Fv2%2Fcomments&post=316"}],"version-history":[{"count":1,"href":"https:\/\/lanoveladelapatagonia.com\/index.php?rest_route=\/wp\/v2\/posts\/316\/revisions"}],"predecessor-version":[{"id":318,"href":"https:\/\/lanoveladelapatagonia.com\/index.php?rest_route=\/wp\/v2\/posts\/316\/revisions\/318"}],"wp:attachment":[{"href":"https:\/\/lanoveladelapatagonia.com\/index.php?rest_route=%2Fwp%2Fv2%2Fmedia&parent=316"}],"wp:term":[{"taxonomy":"category","embeddable":true,"href":"https:\/\/lanoveladelapatagonia.com\/index.php?rest_route=%2Fwp%2Fv2%2Fcategories&post=316"},{"taxonomy":"post_tag","embeddable":true,"href":"https:\/\/lanoveladelapatagonia.com\/index.php?rest_route=%2Fwp%2Fv2%2Ftags&post=316"}],"curies":[{"name":"wp","href":"https:\/\/api.w.org\/{rel}","templated":true}]}}