{"id":307,"date":"2019-01-03T12:31:49","date_gmt":"2019-01-03T12:31:49","guid":{"rendered":"http:\/\/lanoveladelapatagonia.com\/?p=307"},"modified":"2019-01-03T12:31:49","modified_gmt":"2019-01-03T12:31:49","slug":"6-2-presentacion-de-la-nueva-edicion","status":"publish","type":"post","link":"https:\/\/lanoveladelapatagonia.com\/?p=307","title":{"rendered":"6.2 Presentaci\u00f3n de la nueva edici\u00f3n"},"content":{"rendered":"<h3 class=\"post-title entry-title\">Presentaci\u00f3n de la nueva edici\u00f3n de \u00bb La Novela de la Patagonia\u00bb en Neuqu\u00e9n, Argentina<\/h3>\n<p><a href=\"http:\/\/lanoveladelapatagonia.com\/wp-content\/uploads\/2019\/01\/neuquen.jpg\"><img loading=\"lazy\" decoding=\"async\" class=\"aligncenter wp-image-312 size-full\" src=\"http:\/\/lanoveladelapatagonia.com\/wp-content\/uploads\/2019\/01\/neuquen.jpg\" alt=\"\" width=\"400\" height=\"282\" srcset=\"https:\/\/lanoveladelapatagonia.com\/wp-content\/uploads\/2019\/01\/neuquen.jpg 400w, https:\/\/lanoveladelapatagonia.com\/wp-content\/uploads\/2019\/01\/neuquen-300x212.jpg 300w\" sizes=\"auto, (max-width: 400px) 100vw, 400px\" \/><\/a><\/p>\n<p>&nbsp;<\/p>\n<p>El pasado 4 de Marzo\u00a0 tuvo lugar en <strong>Neuqu\u00e9n, Argentina<\/strong>, \u00a0la presentaci\u00f3n de la nueva edici\u00f3n de \u201c<strong>La Novela de la Patagonia<\/strong> \u201c.<\/p>\n<p>El acto se celebr\u00f3 en el <strong>Complejo Cultural Casa de las Leyes<\/strong> de la ciudad de Neuqu\u00e9n, capital de la Provincia del Neuqu\u00e9n, Argentina. Estuvo patrocinado por la <strong>Legislatura de la Provincia del Neuqu\u00e9n<\/strong> y la invitaci\u00f3n estaba firmada por la Se\u00f1ora Vicegobernadora de dicha provincia, Do\u00f1a Ana Pechen. Se cont\u00f3 con la presencia de destacados escritores e historiadores del Neuqu\u00e9n.<\/p>\n<p><a href=\"http:\/\/lanoveladelapatagonia.com\/wp-content\/uploads\/2019\/01\/neuquen-1.jpg\"><img loading=\"lazy\" decoding=\"async\" class=\"aligncenter wp-image-311 size-full\" src=\"http:\/\/lanoveladelapatagonia.com\/wp-content\/uploads\/2019\/01\/neuquen-1.jpg\" alt=\"\" width=\"400\" height=\"293\" srcset=\"https:\/\/lanoveladelapatagonia.com\/wp-content\/uploads\/2019\/01\/neuquen-1.jpg 400w, https:\/\/lanoveladelapatagonia.com\/wp-content\/uploads\/2019\/01\/neuquen-1-300x220.jpg 300w\" sizes=\"auto, (max-width: 400px) 100vw, 400px\" \/><\/a><\/p>\n<p>La presentaci\u00f3n corri\u00f3 a cargo de la <strong>Dra. Julia G\u00f3mez Prieto<\/strong>, Doctora en Historia Moderna y Profesora Em\u00e9rita de la Universidad de Deusto (Bilbao \u2013 Espa\u00f1a), que siendo sobrina carnal del autor, ha patrocinado la reedici\u00f3n de esta novela.<\/p>\n<p>La Dra. G\u00f3mez Prieto realiz\u00f3 un breve recorrido por la vida del autor, su nacimiento y\u00a0 antecedentes familiares en Astorga, Le\u00f3n, Espa\u00f1a, el entorno pol\u00edtico social de Espa\u00f1a\u00a0 en la \u00e9poca\u00a0 y los motivos de su marcha a Argentina\u00a0 \u00a0en octubre de 1914, con 19 a\u00f1os de edad.<\/p>\n<p><a href=\"http:\/\/lanoveladelapatagonia.com\/wp-content\/uploads\/2019\/01\/IMG_1723.jpg\"><img loading=\"lazy\" decoding=\"async\" class=\"aligncenter wp-image-308 size-full\" src=\"http:\/\/lanoveladelapatagonia.com\/wp-content\/uploads\/2019\/01\/IMG_1723.jpg\" alt=\"\" width=\"400\" height=\"267\" srcset=\"https:\/\/lanoveladelapatagonia.com\/wp-content\/uploads\/2019\/01\/IMG_1723.jpg 400w, https:\/\/lanoveladelapatagonia.com\/wp-content\/uploads\/2019\/01\/IMG_1723-300x200.jpg 300w\" sizes=\"auto, (max-width: 400px) 100vw, 400px\" \/><\/a><\/p>\n<p>Efectu\u00f3 as\u00ed mismo un repaso a los antecedentes familiares en Argentina y Uruguay, as\u00ed como a sus primeros trabajos en tierras argentinas. La exposic\u00f3n continu\u00f3 con un recuento de su llegada a la Patagonia, dos a\u00f1os m\u00e1s tarde, y su vida aventurera por aquellas tierras, de cuya historia se da sobrada cuenta en la novela. Tambi\u00e9n \u00a0de su \u00a0gran aprecio por los habitantes primeros de aquellas tierras, los araucanos, de los que estudi\u00f3 su idioma y describi\u00f3 su vida y costumbres en una parte importante de la obra objeto de este acto.<\/p>\n<p>Fue emotiva la presentaci\u00f3n de la nueva edici\u00f3n de \u201cLa Novela de la Patagonia\u201d en la capital, Neuqu\u00e9n, de la provincia patagona donde vivi\u00f3 el autor durante casi 20 a\u00f1os, y donde transcurren la mayor parte de los hechos que se narran en la novela.<\/p>\n<p>La Dra. G\u00f3mez Prieto mostr\u00f3 su satisfacci\u00f3n por \u00a0la publicaci\u00f3n de esta novela, casi olvidada pero que merece la pena traer a primer plano.<\/p>\n<p>Para acompa\u00f1ar\u00a0 la presentaci\u00f3n, <strong>Viviana Roman\u00ed<\/strong>, encargada del Departamento de Actividades Formativas del Complejo Cultural Casa de las Leyes, ley\u00f3 emotivamente \u00a0algunos extractos del libro.<\/p>\n<p><a href=\"http:\/\/lanoveladelapatagonia.com\/wp-content\/uploads\/2019\/01\/IMG_1736.jpg\"><img loading=\"lazy\" decoding=\"async\" class=\"aligncenter wp-image-309 size-full\" src=\"http:\/\/lanoveladelapatagonia.com\/wp-content\/uploads\/2019\/01\/IMG_1736.jpg\" alt=\"\" width=\"400\" height=\"267\" srcset=\"https:\/\/lanoveladelapatagonia.com\/wp-content\/uploads\/2019\/01\/IMG_1736.jpg 400w, https:\/\/lanoveladelapatagonia.com\/wp-content\/uploads\/2019\/01\/IMG_1736-300x200.jpg 300w\" sizes=\"auto, (max-width: 400px) 100vw, 400px\" \/><\/a><\/p>\n<p>Al finalizar la exposici\u00f3n,\u00a0 la profesora <b>Elsa Becerra<\/b><b> y Santiago \u201cPolito\u201d Belmonte<\/b>, de la <b>Junta de Estudios Hist\u00f3ricos Regionales<\/b>, entregaron a la Profesora \u00a0las Obras Completas de Gregorio \u00c1lvarez; lo propio hicieron <b>Aldo Pizarro,<\/b> con el libro <b>\u201cZapala, desaf\u00edo al desierto<\/b>,\u201d junto a artesan\u00edas de la zona; y <b>Juan Carlos Lepen<\/b>, con la publicaci\u00f3n \u201c<b>Chos Malal: entre el olvido y la pasi\u00f3n<\/b>.\u201d<\/p>\n<p>Result\u00f3 muy emocionante el recorrido sentimental que la Dra. G\u00f3mez Prieto realiz\u00f3 por la provincia, singularmente a las localidades de Zapala y Chos Malal, donde Ignacio Prieto del Egido vivi\u00f3 su experiencia patag\u00f3nica, y donde Germ\u00e1n, su alter ego en la novela, desarrolla una parte importante de sus vivencias.<\/p>\n<p><a href=\"http:\/\/lanoveladelapatagonia.com\/wp-content\/uploads\/2019\/01\/IMG_1761.jpg\"><img loading=\"lazy\" decoding=\"async\" class=\"aligncenter wp-image-310 size-full\" src=\"http:\/\/lanoveladelapatagonia.com\/wp-content\/uploads\/2019\/01\/IMG_1761.jpg\" alt=\"\" width=\"400\" height=\"267\" srcset=\"https:\/\/lanoveladelapatagonia.com\/wp-content\/uploads\/2019\/01\/IMG_1761.jpg 400w, https:\/\/lanoveladelapatagonia.com\/wp-content\/uploads\/2019\/01\/IMG_1761-300x200.jpg 300w\" sizes=\"auto, (max-width: 400px) 100vw, 400px\" \/><\/a><\/p>\n<p>La profesora quiere agradecer p\u00fablicamente el apoyo de los amigos neuquinos <strong>Elisabeth Dziadek y Juan Carlos Lepen<\/strong>,\u00a0 gracias a los cuales fue posible la presentaci\u00f3n de esta nueva edici\u00f3n. Tambi\u00e9n fueron ellos responsables de\u00a0 que se realizase\u00a0 el recorrido por los escenarios de la novela.<\/p>\n<p>La publicaci\u00f3n se puede consultar en la biblioteca del Centro Cultural Casa de las Leyes de Neuqu\u00e9n. Se estudia actualmente la pr\u00f3xima reimpresi\u00f3n de la \u00a0obra \u00a0\u00a0por parte de una editorial de Argentina. Daremos cuenta de ello oportunamente.<\/p>\n","protected":false},"excerpt":{"rendered":"<p>Presentaci\u00f3n de la nueva edici\u00f3n de \u00bb La Novela de la Patagonia\u00bb en Neuqu\u00e9n, Argentina &nbsp; El pasado 4 de Marzo\u00a0 tuvo lugar en Neuqu\u00e9n, Argentina, \u00a0la presentaci\u00f3n de la nueva edici\u00f3n de \u201cLa Novela de la Patagonia \u201c. El acto se celebr\u00f3 en el Complejo Cultural Casa de las Leyes de la ciudad de [&hellip;]<\/p>\n","protected":false},"author":1,"featured_media":0,"comment_status":"open","ping_status":"open","sticky":false,"template":"","format":"standard","meta":{"footnotes":""},"categories":[1],"tags":[],"class_list":["post-307","post","type-post","status-publish","format-standard","hentry","category-uncategorized"],"_links":{"self":[{"href":"https:\/\/lanoveladelapatagonia.com\/index.php?rest_route=\/wp\/v2\/posts\/307","targetHints":{"allow":["GET"]}}],"collection":[{"href":"https:\/\/lanoveladelapatagonia.com\/index.php?rest_route=\/wp\/v2\/posts"}],"about":[{"href":"https:\/\/lanoveladelapatagonia.com\/index.php?rest_route=\/wp\/v2\/types\/post"}],"author":[{"embeddable":true,"href":"https:\/\/lanoveladelapatagonia.com\/index.php?rest_route=\/wp\/v2\/users\/1"}],"replies":[{"embeddable":true,"href":"https:\/\/lanoveladelapatagonia.com\/index.php?rest_route=%2Fwp%2Fv2%2Fcomments&post=307"}],"version-history":[{"count":1,"href":"https:\/\/lanoveladelapatagonia.com\/index.php?rest_route=\/wp\/v2\/posts\/307\/revisions"}],"predecessor-version":[{"id":313,"href":"https:\/\/lanoveladelapatagonia.com\/index.php?rest_route=\/wp\/v2\/posts\/307\/revisions\/313"}],"wp:attachment":[{"href":"https:\/\/lanoveladelapatagonia.com\/index.php?rest_route=%2Fwp%2Fv2%2Fmedia&parent=307"}],"wp:term":[{"taxonomy":"category","embeddable":true,"href":"https:\/\/lanoveladelapatagonia.com\/index.php?rest_route=%2Fwp%2Fv2%2Fcategories&post=307"},{"taxonomy":"post_tag","embeddable":true,"href":"https:\/\/lanoveladelapatagonia.com\/index.php?rest_route=%2Fwp%2Fv2%2Ftags&post=307"}],"curies":[{"name":"wp","href":"https:\/\/api.w.org\/{rel}","templated":true}]}}