{"id":284,"date":"2019-01-03T12:04:52","date_gmt":"2019-01-03T12:04:52","guid":{"rendered":"http:\/\/lanoveladelapatagonia.com\/?p=284"},"modified":"2019-01-03T12:04:52","modified_gmt":"2019-01-03T12:04:52","slug":"3-6-semblanza-i-la-casa-del-consul","status":"publish","type":"post","link":"https:\/\/lanoveladelapatagonia.com\/?p=284","title":{"rendered":"3.6 Semblanza I: La Casa del C\u00f3nsul"},"content":{"rendered":"<p><a href=\"http:\/\/lanoveladelapatagonia.com\/wp-content\/uploads\/2019\/01\/3060-2.jpg\"><img loading=\"lazy\" decoding=\"async\" class=\"aligncenter wp-image-285 size-full\" src=\"http:\/\/lanoveladelapatagonia.com\/wp-content\/uploads\/2019\/01\/3060-2.jpg\" alt=\"\" width=\"550\" height=\"412\" srcset=\"https:\/\/lanoveladelapatagonia.com\/wp-content\/uploads\/2019\/01\/3060-2.jpg 550w, https:\/\/lanoveladelapatagonia.com\/wp-content\/uploads\/2019\/01\/3060-2-300x225.jpg 300w\" sizes=\"auto, (max-width: 550px) 100vw, 550px\" \/><\/a><\/p>\n<p>Cuando F. J. Parcerisa, lit\u00f3grafo espa\u00f1ol del siglo XIX ( 1803-1876), dibuj\u00f3 en su obra \u201c <em><strong>Recuerdos y bellezas de Espa\u00f1a <\/strong><\/em>\u201c,\u00a0 la Plaza Mayor de Astorga hacia 1864, a mano derecha de la l\u00e1mina aparece una casa de corredores\u00a0 abiertos,\u00a0 que en\u00a0 ese momento era una Posada.\u00a0 Se desconoce el\u00a0 nombre, pero desde luego\u00a0 era un espacio abierto al p\u00fablico que ofrec\u00eda a los viajeros un lugar donde\u00a0 comer y dormir.<\/p>\n<p>Un comerciante leon\u00e9s de Santa Maria del P\u00e1ramo, <strong>Claudio del Egido<\/strong>, vino a instalar su negocio en Astorga. Y se fij\u00f3 en esa casa, quiz\u00e1s porque su socio <strong>Ignacio Prieto<\/strong>, ten\u00eda una tienda en la misma plaza.<\/p>\n<p>La compr\u00f3 en 1882 a la familia Gull\u00f3n y pag\u00f3 por ella 10.000 ptas. La derrib\u00f3 totalmente y dej\u00f3 de ser una casa de adobe, con corredores abiertos en la fachada, para pasar a ser un edificio de piedra con dos pisos y desv\u00e1n. El primer piso ten\u00eda un mirador largo, todo en madera, y el segundo cuatro balcones. La planta baja la ocupaba el gran comercio y almac\u00e9n de Claudio del Egido. Y all\u00ed tambi\u00e9n instal\u00f3 una peque\u00f1a f\u00e1brica de chocolate.<br \/>\nClaudio y su esposa, tuvieron 3 hijos. La hija mayor, Aurelia, se cas\u00f3 con <strong>Domiciano Prieto<\/strong> <strong>Carbajosa<\/strong>, hijo de Ignacio Prieto, el socio de su padre. Esta nueva familia se instal\u00f3 en la segunda planta de la casa. All\u00ed nacieron sus 6 hijos siendo <strong>Ignacio Prieto del Egido<\/strong> el segundo y el \u00fanico var\u00f3n. Las dem\u00e1s fueron f\u00e9minas. Domiciano se hizo cargo del negocio de su suegro, cuando este falleci\u00f3.<\/p>\n<p>En 1902 Julia del Egido Casado , hermana de Aurelia, contrae matrimonio con un \u201c indiano \u201c reci\u00e9n regresado de Argentina,\u00a0 el ingeniero <strong>Santiago Alonso Criado. <\/strong>En<strong>\u00a0<\/strong>1909\u00a0 se abre el Consulado de Argentina en Astorga que se instala en el primer piso de la casa.\u00a0 El despacho del c\u00f3nsul\u00a0 es visitado a diario por muchas personas\u00a0 y las sobrinas\u00a0 ayudan con cari\u00f1o.\u00a0 Aurelia se encarga de la bandera blanquiazul, Lola hace de mecan\u00f3grafa y\u00a0 Adolfina, la m\u00e1s peque\u00f1a, solo atiende la puerta.<\/p>\n<p>En 1910 el\u00a0 viejo mirador de madera deja paso a uno nuevo y\u00a0 m\u00e1s moderno, fabricado\u00a0 en metal y cristal. El cambio es sustancial. Tambi\u00e9n hay cambios\u00a0 en el portal,\u00a0 que\u00a0 se llenar\u00e1 de azulejos sevillanos,\u00a0 grandes plantas en maceta\u00a0 y una\u00a0 amplia escalinata de madera.\u00a0 Parece una nueva casa y m\u00e1s elegante.<\/p>\n<p>Poco despu\u00e9s, el c\u00f3nsul ayudar\u00e1 a su cu\u00f1ado Domiciano Prieto y al joven hijo de \u00e9ste, Ignacio,\u00a0 a emigrar a la Argentina.\u00a0 Es el a\u00f1o 1914. Est\u00e1 a punto de estallar en Europa la Primera Guerra Mundial. La situaci\u00f3n de Espa\u00f1a, con sus guerras africanas, es incierta. La econom\u00eda decae.<\/p>\n<p><a href=\"http:\/\/lanoveladelapatagonia.com\/wp-content\/uploads\/2019\/01\/casa-natal.gif\"><img loading=\"lazy\" decoding=\"async\" class=\"aligncenter wp-image-286 size-full\" src=\"http:\/\/lanoveladelapatagonia.com\/wp-content\/uploads\/2019\/01\/casa-natal.gif\" alt=\"\" width=\"417\" height=\"263\" \/><\/a><\/p>\n<p>&nbsp;<\/p>\n<p>Entonces se cierra el negocio familiar,\u00a0 que ocupaba todo los bajos\u00a0 A\u00f1os m\u00e1s tarde se alquilar\u00e1n estos locales y all\u00ed se instalar\u00e1 una nueva familia que se quedar\u00e1 definitivamente. En\u00a0\u00a0 enero de 1921, las j\u00f3venes del\u00a0\u00a0 segundo piso bajan a vivir\u00a0 al piso primero.\u00a0 Se ha muerto\u00a0 su madre, Aurelia\u00a0 del Egido, esposa de Domiciano y madre de Ignacio, por causa de\u00a0 la gripe maligna. El c\u00f3nsul y su esposa\u00a0 Julia se hacen cargo de las sobrinas.<\/p>\n<p>En 1936 estalla en Espa\u00f1a una terrible Guerra Civi, en la que\u00a0la familia perder\u00e1\u00a0 4\u00a0 de sus miembros.\u00a0 En 1939 termina la contienda espa\u00f1ola y comienza la Segunda Guerra Mundial. Ese mismo a\u00f1o, el C\u00f3nsul se jubila y el Consulado se cierra.<\/p>\n<p>En Mayo de 1952 se celebran las Bodas de Oro del C\u00f3nsul y se\u00f1ora. Es una gran ocasi\u00f3n y la\u00a0 casa se llena de gente y de fiesta. Tambi\u00e9n ha venido para el feliz aniversario, \u00a0 desde Argentina, treinta a\u00f1os despu\u00e9s de su partida,\u00a0 su sobrino Ignacio, ahora convertido en un famoso escritor y conferenciante.<\/p>\n<p>Otros sobrinos lllegan todos los veranos desde Bilbao para estar con los \u201cabuelos\u201d.\u00a0 El c\u00f3nsul se ha hecho mayor, anciano. Pero a\u00fan\u00a0 pasea su encorvada figura por el mirador de cristal y disfruta observando la plaza.\u00a0 Muere muy cercano a cumplir los 95 a\u00f1os.<\/p>\n<p>Para sus honras f\u00fanebres se instalar\u00e1 la capilla ardiente en el antiguo despacho del Consulado y all\u00ed se acercar\u00e1n para darle el \u00faltimo adios,\u00a0 una riada de astorganos y maragatos.\u00a0 Es noviembre de 1957 y su esposa, Julia,\u00a0 todav\u00eda\u00a0 le sobrevivir\u00e1 tres a\u00f1os de soledad. Fallecer\u00e1\u00a0 en el oto\u00f1o de 1960.<\/p>\n<p><a href=\"http:\/\/lanoveladelapatagonia.com\/wp-content\/uploads\/2019\/01\/Cerveceria-Taberna-Los-Hornos-7480.jpg\"><img loading=\"lazy\" decoding=\"async\" class=\"aligncenter wp-image-287 size-full\" src=\"http:\/\/lanoveladelapatagonia.com\/wp-content\/uploads\/2019\/01\/Cerveceria-Taberna-Los-Hornos-7480.jpg\" alt=\"\" width=\"498\" height=\"332\" srcset=\"https:\/\/lanoveladelapatagonia.com\/wp-content\/uploads\/2019\/01\/Cerveceria-Taberna-Los-Hornos-7480.jpg 498w, https:\/\/lanoveladelapatagonia.com\/wp-content\/uploads\/2019\/01\/Cerveceria-Taberna-Los-Hornos-7480-300x200.jpg 300w\" sizes=\"auto, (max-width: 498px) 100vw, 498px\" \/><\/a><\/p>\n<p>Poco desp\u00faes, como en 1882,\u00a0 la casa ser\u00e1 derruida completamente.\u00a0 Alg\u00fan resto romano aparece en sus cimientos.\u00a0 A\u00f1os m\u00e1s tarde, una\u00a0 empresa constructora decide levantar un hotel; as\u00ed la\u00a0 posada del dibujo de\u00a0 Parcerisa volver\u00e1 al cabo de los siglos, transmutada esta vez en el moderno Hotel\u00a0 Astur Plaza.<\/p>\n<p>Los recuerdos y vivencias\u00a0 de los Egido, los Prieto, los Alonso\u2026 sin duda\u00a0 habr\u00e1n\u00a0 quedado\u00a0 impregnados en\u00a0 los cimientos del nuevo edificio.\u00a0 Por eso siempre ser\u00e1\u00a0 \u201cLa Casa del C\u00f3nsul\u201d para la historia de la Ciudad de Astorga .<\/p>\n<p><em>Dra. Julia G\u00f3mez Prieto.\u00a0 Profesora Em\u00e9rita. Universidad de Deusto. Bilbao.\u00a0 <\/em><\/p>\n","protected":false},"excerpt":{"rendered":"<p>Cuando F. J. Parcerisa, lit\u00f3grafo espa\u00f1ol del siglo XIX ( 1803-1876), dibuj\u00f3 en su obra \u201c Recuerdos y bellezas de Espa\u00f1a \u201c,\u00a0 la Plaza Mayor de Astorga hacia 1864, a mano derecha de la l\u00e1mina aparece una casa de corredores\u00a0 abiertos,\u00a0 que en\u00a0 ese momento era una Posada.\u00a0 Se desconoce el\u00a0 nombre, pero desde luego\u00a0 [&hellip;]<\/p>\n","protected":false},"author":1,"featured_media":0,"comment_status":"open","ping_status":"open","sticky":false,"template":"","format":"standard","meta":{"footnotes":""},"categories":[1],"tags":[],"class_list":["post-284","post","type-post","status-publish","format-standard","hentry","category-uncategorized"],"_links":{"self":[{"href":"https:\/\/lanoveladelapatagonia.com\/index.php?rest_route=\/wp\/v2\/posts\/284","targetHints":{"allow":["GET"]}}],"collection":[{"href":"https:\/\/lanoveladelapatagonia.com\/index.php?rest_route=\/wp\/v2\/posts"}],"about":[{"href":"https:\/\/lanoveladelapatagonia.com\/index.php?rest_route=\/wp\/v2\/types\/post"}],"author":[{"embeddable":true,"href":"https:\/\/lanoveladelapatagonia.com\/index.php?rest_route=\/wp\/v2\/users\/1"}],"replies":[{"embeddable":true,"href":"https:\/\/lanoveladelapatagonia.com\/index.php?rest_route=%2Fwp%2Fv2%2Fcomments&post=284"}],"version-history":[{"count":1,"href":"https:\/\/lanoveladelapatagonia.com\/index.php?rest_route=\/wp\/v2\/posts\/284\/revisions"}],"predecessor-version":[{"id":288,"href":"https:\/\/lanoveladelapatagonia.com\/index.php?rest_route=\/wp\/v2\/posts\/284\/revisions\/288"}],"wp:attachment":[{"href":"https:\/\/lanoveladelapatagonia.com\/index.php?rest_route=%2Fwp%2Fv2%2Fmedia&parent=284"}],"wp:term":[{"taxonomy":"category","embeddable":true,"href":"https:\/\/lanoveladelapatagonia.com\/index.php?rest_route=%2Fwp%2Fv2%2Fcategories&post=284"},{"taxonomy":"post_tag","embeddable":true,"href":"https:\/\/lanoveladelapatagonia.com\/index.php?rest_route=%2Fwp%2Fv2%2Ftags&post=284"}],"curies":[{"name":"wp","href":"https:\/\/api.w.org\/{rel}","templated":true}]}}