{"id":276,"date":"2019-01-03T11:58:55","date_gmt":"2019-01-03T11:58:55","guid":{"rendered":"http:\/\/lanoveladelapatagonia.com\/?p=276"},"modified":"2019-01-03T11:58:55","modified_gmt":"2019-01-03T11:58:55","slug":"3-5-semblanzas-astorganas","status":"publish","type":"post","link":"https:\/\/lanoveladelapatagonia.com\/?p=276","title":{"rendered":"3.5 Semblanzas Astorganas"},"content":{"rendered":"<h4>Recordando nuestra historia reciente<\/h4>\n<p>Astorga ha honrado una vez m\u00e1s la memoria de dos de sus hijos ilustres, cuya impronta a\u00fan permanece en el recuerdo. Se trata\u00a0 del escritor Ignacio Prieto del Egido, y del ingeniero Santiago Alonso Criado.<\/p>\n<p><b>Ignacio<\/b><b> Prieto del Egido<\/b>, nacido en 1895, en la Plaza Mayor de esta ciudad, emigr\u00f3 a Argentina muy joven. All\u00ed desarroll\u00f3 una fecunda labor como escritor, conferenciante, cr\u00edtico y colaborador de la prensa diaria y especializada. Entre otras publicaciones, escribir\u00eda el popular libro \u201c<b>La novela de la Patagonia\u201d,<\/b> que consigui\u00f3\u00a0 en su \u00e9poca un gran \u00e9xito. Ignacio, procedente de una familia de comerciantes,\u00a0 se march\u00f3 a Buenos Aires en 1914.<\/p>\n<p>Estaba familiarmente ligado a otro importante personaje de la ciudad, <b>Santiago Alonso Criado<\/b>, el tercero de cuatro hermanos, una saga de gran inter\u00e9s para las relaciones entre Espa\u00f1a y Argentina, a finales del siglo XIX y principios del XX.\u00a0\u00a0 Santiago, ingeniero agr\u00f3nomo, dirigi\u00f3 por encargo del Gobierno argentino, entre 1890 y 1900,\u00a0 la medici\u00f3n de las tierras del Chaco Austral. A su regreso a Espa\u00f1a, fue nombrado <b>c\u00f3nsul de Argentina en Astorga,\u00a0 <\/b>cargo que ejerci\u00f3<b> entre 1909 y 1939, <\/b>a\u00f1o \u00e9ste en que se jubil\u00f3. En el balc\u00f3n de su casa astorgana, sede del consulado, ondeaba cada d\u00eda la bandera argentina. Era la que se conoc\u00eda como <b>\u201cla Casa del C\u00f3nsul<\/b>\u201d, ubicada precisamente donde hoy est\u00e1 situado el Hotel Astur Plaza, en los soportales de la Plaza Mayor.<\/p>\n<p><a href=\"http:\/\/lanoveladelapatagonia.com\/wp-content\/uploads\/2019\/01\/Semblanzas.-Invitaci\u00f3n-rectificada.jpg\"><img loading=\"lazy\" decoding=\"async\" class=\"aligncenter wp-image-281 size-full\" src=\"http:\/\/lanoveladelapatagonia.com\/wp-content\/uploads\/2019\/01\/Semblanzas.-Invitaci\u00f3n-rectificada.jpg\" alt=\"\" width=\"480\" height=\"197\" srcset=\"https:\/\/lanoveladelapatagonia.com\/wp-content\/uploads\/2019\/01\/Semblanzas.-Invitaci\u00f3n-rectificada.jpg 480w, https:\/\/lanoveladelapatagonia.com\/wp-content\/uploads\/2019\/01\/Semblanzas.-Invitaci\u00f3n-rectificada-300x123.jpg 300w\" sizes=\"auto, (max-width: 480px) 100vw, 480px\" \/><\/a><\/p>\n<p>Ahora, pasados los a\u00f1os, aunque ya los \u00faltimos familiares desaparecieran de Astorga en los a\u00f1os sesenta, una sobrina de Ignacio y a la vez sobrina &#8211; nieta de Santiago,\u00a0 vuelve a la ciudad para rescatar su memoria del olvido. Si bien hoy en d\u00eda poco conocidos, lo cierto es que ambos han formado parte de nuestra peque\u00f1a historia durante el siglo XX.<\/p>\n<p>Se trata de la <b>Dra. Julia G\u00f3mez Prieto<\/b>, profesora em\u00e9rita de la Universidad de Deusto &#8211; Bilbao, y como queda dicho,\u00a0 pariente directa de ambos, quien ha ofrecido en el Sal\u00f3n de Plenos del Ayuntamiento,\u00a0 una interesante conferencia con el t\u00edtulo de\u00a0 \u201c<b>Semblanzas\u00a0 Astorganas<\/b>\u201d ,\u00a0 en la que nos habl\u00f3 de estos\u00a0 personajes y\u00a0 de la importancia que tuvieron en su momento.<\/p>\n<p>Comenz\u00f3 la charla haciendo referencia al nexo com\u00fan,\u00a0 la residencia familiar ubicada\u00a0 en la que hasta hace tres d\u00e9cadas se conoci\u00f3\u00a0 como\u00a0 \u201c La Casa del C\u00f3nsul \u201c, ubicada en la Plaza Mayor n\u00ba 2.\u00a0\u00a0 Su historia se remonta a la antigua posada que hubo en ese\u00a0 mismo lugar,\u00a0 hasta la elegante casa que se mantuvo en piehasta 1970,\u00a0 y el\u00a0 actual hotel Astur Plaza.<\/p>\n<p><a href=\"http:\/\/lanoveladelapatagonia.com\/wp-content\/uploads\/2019\/01\/IMG_3474.jpg\"><img loading=\"lazy\" decoding=\"async\" class=\"aligncenter wp-image-278 size-full\" src=\"http:\/\/lanoveladelapatagonia.com\/wp-content\/uploads\/2019\/01\/IMG_3474.jpg\" alt=\"\" width=\"640\" height=\"427\" srcset=\"https:\/\/lanoveladelapatagonia.com\/wp-content\/uploads\/2019\/01\/IMG_3474.jpg 640w, https:\/\/lanoveladelapatagonia.com\/wp-content\/uploads\/2019\/01\/IMG_3474-300x200.jpg 300w\" sizes=\"auto, (max-width: 640px) 100vw, 640px\" \/><\/a><\/p>\n<p>Las Semblanzas fueron cuatro: <b>La casa del C\u00f3nsul; El c\u00f3nsul Santiago Alonso Criado; El escritor Ignacio Prieto del Egido;<\/b>\u00a0 y obviamente la conferenciante hizo un peque\u00f1a semblanza de su relaci\u00f3n familiar con los homenajeados, sus memorias de ambos y sus <b>Recuerdos de ni\u00f1ez en Astorga<\/b>.<\/p>\n<h4>Placas Conmemorativas<\/h4>\n<p>Como aportaci\u00f3n a la Historia de Astorga, la\u00a0 Dra. G\u00f3mez Prieto, acompa\u00f1ada de las autoridades municipales, descubri\u00f3 sendas placas conmemorativas en la fachada del hotel Astur Plaza,\u00a0 construido sobreel solar de la antigua \u201c Casa del C\u00f3nsul \u201c. Con ellas, ambos hijos ilustres han entrado definitivamente en la historia de nuestra ciudad y en la memoria de los astorganos .<\/p>\n<p><a href=\"http:\/\/lanoveladelapatagonia.com\/wp-content\/uploads\/2019\/01\/PLACA-DE-ASTORGA-1.jpg\"><img loading=\"lazy\" decoding=\"async\" class=\"aligncenter wp-image-279 size-full\" src=\"http:\/\/lanoveladelapatagonia.com\/wp-content\/uploads\/2019\/01\/PLACA-DE-ASTORGA-1.jpg\" alt=\"\" width=\"480\" height=\"360\" srcset=\"https:\/\/lanoveladelapatagonia.com\/wp-content\/uploads\/2019\/01\/PLACA-DE-ASTORGA-1.jpg 480w, https:\/\/lanoveladelapatagonia.com\/wp-content\/uploads\/2019\/01\/PLACA-DE-ASTORGA-1-300x225.jpg 300w\" sizes=\"auto, (max-width: 480px) 100vw, 480px\" \/><\/a><\/p>\n<p><a href=\"http:\/\/lanoveladelapatagonia.com\/wp-content\/uploads\/2019\/01\/PLACA-DE-ASTORGA-2.jpg\"><img loading=\"lazy\" decoding=\"async\" class=\"wp-image-280 size-full aligncenter\" src=\"http:\/\/lanoveladelapatagonia.com\/wp-content\/uploads\/2019\/01\/PLACA-DE-ASTORGA-2.jpg\" alt=\"\" width=\"480\" height=\"360\" srcset=\"https:\/\/lanoveladelapatagonia.com\/wp-content\/uploads\/2019\/01\/PLACA-DE-ASTORGA-2.jpg 480w, https:\/\/lanoveladelapatagonia.com\/wp-content\/uploads\/2019\/01\/PLACA-DE-ASTORGA-2-300x225.jpg 300w\" sizes=\"auto, (max-width: 480px) 100vw, 480px\" \/><\/a><\/p>\n<p>&nbsp;<\/p>\n<p>Cabe\u00a0 recordar tambi\u00e9n que en el a\u00f1o 2013, la Dra. Julia G\u00f3mez Prieto, fue responsable de la reedici\u00f3n del libro de su t\u00edo <b>\u201cLa novela de la Patagonia<\/b>\u201d,\u00a0 que se\u00a0 encontraba agotado en el mercado y de muy dif\u00edcil localizaci\u00f3n por otros medios.<\/p>\n<p>Con motivo de la presentaci\u00f3n de tal libro en Astorga, la Dra.\u00a0 G\u00f3mez Prieto\u00a0 dicto una\u00a0 interesante conferencia, sobre la novela y la vida de su autor, que permiti\u00f3 conocer m\u00e1s en profundidad, el fen\u00f3meno de la emigraci\u00f3n desde estas tierras maragatas hacia Am\u00e9rica\u00a0 y muy especialmente\u00a0 hacia Argentina y Uruguay.<\/p>\n<p><a href=\"http:\/\/lanoveladelapatagonia.com\/wp-content\/uploads\/2019\/01\/IMG_2000.jpg\"><img loading=\"lazy\" decoding=\"async\" class=\"aligncenter wp-image-277 size-full\" src=\"http:\/\/lanoveladelapatagonia.com\/wp-content\/uploads\/2019\/01\/IMG_2000.jpg\" alt=\"\" width=\"640\" height=\"427\" srcset=\"https:\/\/lanoveladelapatagonia.com\/wp-content\/uploads\/2019\/01\/IMG_2000.jpg 640w, https:\/\/lanoveladelapatagonia.com\/wp-content\/uploads\/2019\/01\/IMG_2000-300x200.jpg 300w\" sizes=\"auto, (max-width: 640px) 100vw, 640px\" \/><\/a><\/p>\n","protected":false},"excerpt":{"rendered":"<p>Recordando nuestra historia reciente Astorga ha honrado una vez m\u00e1s la memoria de dos de sus hijos ilustres, cuya impronta a\u00fan permanece en el recuerdo. Se trata\u00a0 del escritor Ignacio Prieto del Egido, y del ingeniero Santiago Alonso Criado. Ignacio Prieto del Egido, nacido en 1895, en la Plaza Mayor de esta ciudad, emigr\u00f3 a [&hellip;]<\/p>\n","protected":false},"author":1,"featured_media":0,"comment_status":"open","ping_status":"open","sticky":false,"template":"","format":"standard","meta":{"footnotes":""},"categories":[1],"tags":[],"class_list":["post-276","post","type-post","status-publish","format-standard","hentry","category-uncategorized"],"_links":{"self":[{"href":"https:\/\/lanoveladelapatagonia.com\/index.php?rest_route=\/wp\/v2\/posts\/276","targetHints":{"allow":["GET"]}}],"collection":[{"href":"https:\/\/lanoveladelapatagonia.com\/index.php?rest_route=\/wp\/v2\/posts"}],"about":[{"href":"https:\/\/lanoveladelapatagonia.com\/index.php?rest_route=\/wp\/v2\/types\/post"}],"author":[{"embeddable":true,"href":"https:\/\/lanoveladelapatagonia.com\/index.php?rest_route=\/wp\/v2\/users\/1"}],"replies":[{"embeddable":true,"href":"https:\/\/lanoveladelapatagonia.com\/index.php?rest_route=%2Fwp%2Fv2%2Fcomments&post=276"}],"version-history":[{"count":1,"href":"https:\/\/lanoveladelapatagonia.com\/index.php?rest_route=\/wp\/v2\/posts\/276\/revisions"}],"predecessor-version":[{"id":282,"href":"https:\/\/lanoveladelapatagonia.com\/index.php?rest_route=\/wp\/v2\/posts\/276\/revisions\/282"}],"wp:attachment":[{"href":"https:\/\/lanoveladelapatagonia.com\/index.php?rest_route=%2Fwp%2Fv2%2Fmedia&parent=276"}],"wp:term":[{"taxonomy":"category","embeddable":true,"href":"https:\/\/lanoveladelapatagonia.com\/index.php?rest_route=%2Fwp%2Fv2%2Fcategories&post=276"},{"taxonomy":"post_tag","embeddable":true,"href":"https:\/\/lanoveladelapatagonia.com\/index.php?rest_route=%2Fwp%2Fv2%2Ftags&post=276"}],"curies":[{"name":"wp","href":"https:\/\/api.w.org\/{rel}","templated":true}]}}